{"id":1158,"date":"2023-11-18T17:10:52","date_gmt":"2023-11-18T17:10:52","guid":{"rendered":"https:\/\/raizitaliana.it\/campagna-tesseramento-2024\/"},"modified":"2026-05-15T18:16:45","modified_gmt":"2026-05-15T18:16:45","slug":"campanha-de-filiacao-de-2024","status":"publish","type":"post","link":"https:\/\/raizitaliana.it\/pt\/campagna-tesseramento-2024\/","title":{"rendered":"Campanha de Inscri\u00e7\u00e3o 2024"},"content":{"rendered":"<h2 data-section-id=\"1y8ip6j\" data-start=\"31\" data-end=\"74\">Fa\u00e7a parte da Raiz Italiana\u00a0<\/h2>\n<p data-start=\"76\" data-end=\"153\">As ra\u00edzes nos unem, a cultura nos enriquece, a comunidade nos faz crescer.<\/p>\n<p data-start=\"155\" data-end=\"389\">A Raiz Italiana d\u00e1 in\u00edcio \u00e0 campanha de filia\u00e7\u00e3o de 2024, um convite dirigido a quem deseja apoiar um projeto cultural e social dedicado \u00e0 valoriza\u00e7\u00e3o das ra\u00edzes italianas e dos la\u00e7os entre as comunidades italianas no mundo.<\/p>\n<p data-start=\"391\" data-end=\"704\">As hist\u00f3rias da emigra\u00e7\u00e3o italiana representam um patrim\u00f4nio composto por mem\u00f3ria, identidade, viagens, fam\u00edlias e la\u00e7os entre gera\u00e7\u00f5es. Por meio de suas atividades, a Raiz Italiana promove o Turismo das Ra\u00edzes, a cultura italiana, a pesquisa geneal\u00f3gica e o di\u00e1logo entre territ\u00f3rios e comunidades no exterior.<\/p>\n<p data-start=\"706\" data-end=\"864\">Tornar-se membro da Associa\u00e7\u00e3o significa contribuir para a constru\u00e7\u00e3o de uma rede que coloca as pessoas, as hist\u00f3rias e o senso de pertencimento no centro.<\/p>\n<h3 data-section-id=\"1bx0a0h\" data-start=\"866\" data-end=\"884\">Voc\u00ea j\u00e1 \u00e9 s\u00f3cio?<\/h3>\n<p data-start=\"885\" data-end=\"995\">Renove sua filia\u00e7\u00e3o e continue apoiando as atividades associativas e culturais da Raiz Italiana APS \u2013 ETS.<\/p>\n<h3 data-section-id=\"1ke7r8o\" data-start=\"997\" data-end=\"1019\">Quer se juntar a n\u00f3s?<\/h3>\n<p data-start=\"1020\" data-end=\"1169\">Torne-se s\u00f3cio e participe das iniciativas dedicadas \u00e0 mem\u00f3ria da migra\u00e7\u00e3o italiana, \u00e0 cultura e aos la\u00e7os entre a It\u00e1lia e as comunidades espalhadas pelo mundo.<\/p>\n<p data-start=\"1171\" data-end=\"1208\">Fazer parte da Raiz Italiana significa:<\/p>\n<ul data-start=\"1209\" data-end=\"1423\">\n<li data-section-id=\"zs4c94\" data-start=\"1209\" data-end=\"1250\">apoiar atividades culturais e sociais;<\/li>\n<li data-section-id=\"zrwe5v\" data-start=\"1251\" data-end=\"1309\">participar de eventos, encontros e iniciativas da associa\u00e7\u00e3o;<\/li>\n<li data-section-id=\"1re7v63\" data-start=\"1310\" data-end=\"1361\">valorizar a mem\u00f3ria das migra\u00e7\u00f5es italianas;<\/li>\n<li data-section-id=\"ygb90b\" data-start=\"1362\" data-end=\"1423\">construir la\u00e7os entre pessoas, territ\u00f3rios e gera\u00e7\u00f5es.<\/li>\n<\/ul>\n<p data-start=\"1425\" data-end=\"1481\">\ud83d\udce9 Para informa\u00e7\u00f5es e inscri\u00e7\u00f5es:<br data-start=\"1458\" data-end=\"1461\" \/><a class=\"decorated-link cursor-pointer\" rel=\"noopener\" data-start=\"1461\" data-end=\"1481\">info@raizitaliana.it<\/a><\/p>\n<p data-start=\"1483\" data-end=\"1540\" data-is-last-node=\"\" data-is-only-node=\"\">Nossas ra\u00edzes.<br data-start=\"1500\" data-end=\"1503\" \/>Nossa hist\u00f3ria.<br data-start=\"1520\" data-end=\"1523\" \/>Nosso futuro.<\/p>\n\n\n<figure class=\"wp-block-image size-large\"><img fetchpriority=\"high\" decoding=\"async\" width=\"1024\" height=\"683\" src=\"https:\/\/raizitaliana.it\/wp-content\/uploads\/2023\/11\/ChatGPT-Image-15-mag-2026-20_14_40-1024x683.png\" alt=\"\" class=\"wp-image-1252\" srcset=\"https:\/\/raizitaliana.it\/wp-content\/uploads\/2023\/11\/ChatGPT-Image-15-mag-2026-20_14_40-1024x683.png 1024w, https:\/\/raizitaliana.it\/wp-content\/uploads\/2023\/11\/ChatGPT-Image-15-mag-2026-20_14_40-300x200.png 300w, https:\/\/raizitaliana.it\/wp-content\/uploads\/2023\/11\/ChatGPT-Image-15-mag-2026-20_14_40-768x512.png 768w, https:\/\/raizitaliana.it\/wp-content\/uploads\/2023\/11\/ChatGPT-Image-15-mag-2026-20_14_40.png 1536w\" sizes=\"(max-width: 1024px) 100vw, 1024px\" \/><\/figure>","protected":false},"excerpt":{"rendered":"<p>Diventa parte di Raiz Italiana\u00a0 Le radici ci uniscono, la cultura ci arricchisce, la comunit\u00e0 ci fa crescere. Raiz Italiana apre la campagna tesseramento 2024, un invito rivolto a chi desidera sostenere un progetto culturale e sociale dedicato alla valorizzazione delle radici italiane e dei legami tra le comunit\u00e0 italiane nel mondo. Le storie dell\u2019emigrazione [&hellip;]<\/p>\n","protected":false},"author":2,"featured_media":1252,"comment_status":"open","ping_status":"open","sticky":false,"template":"","format":"standard","meta":{"footnotes":""},"categories":[35],"tags":[],"class_list":["post-1158","post","type-post","status-publish","format-standard","has-post-thumbnail","hentry","category-non-categorizzato"],"_links":{"self":[{"href":"https:\/\/raizitaliana.it\/pt\/wp-json\/wp\/v2\/posts\/1158","targetHints":{"allow":["GET"]}}],"collection":[{"href":"https:\/\/raizitaliana.it\/pt\/wp-json\/wp\/v2\/posts"}],"about":[{"href":"https:\/\/raizitaliana.it\/pt\/wp-json\/wp\/v2\/types\/post"}],"author":[{"embeddable":true,"href":"https:\/\/raizitaliana.it\/pt\/wp-json\/wp\/v2\/users\/2"}],"replies":[{"embeddable":true,"href":"https:\/\/raizitaliana.it\/pt\/wp-json\/wp\/v2\/comments?post=1158"}],"version-history":[{"count":3,"href":"https:\/\/raizitaliana.it\/pt\/wp-json\/wp\/v2\/posts\/1158\/revisions"}],"predecessor-version":[{"id":1254,"href":"https:\/\/raizitaliana.it\/pt\/wp-json\/wp\/v2\/posts\/1158\/revisions\/1254"}],"wp:featuredmedia":[{"embeddable":true,"href":"https:\/\/raizitaliana.it\/pt\/wp-json\/wp\/v2\/media\/1252"}],"wp:attachment":[{"href":"https:\/\/raizitaliana.it\/pt\/wp-json\/wp\/v2\/media?parent=1158"}],"wp:term":[{"taxonomy":"category","embeddable":true,"href":"https:\/\/raizitaliana.it\/pt\/wp-json\/wp\/v2\/categories?post=1158"},{"taxonomy":"post_tag","embeddable":true,"href":"https:\/\/raizitaliana.it\/pt\/wp-json\/wp\/v2\/tags?post=1158"}],"curies":[{"name":"wp","href":"https:\/\/api.w.org\/{rel}","templated":true}]}}