{"id":1157,"date":"2023-04-25T08:20:37","date_gmt":"2023-04-25T08:20:37","guid":{"rendered":"https:\/\/raizitaliana.it\/convocazione-assemblea-generale-ordinaria-2023\/"},"modified":"2026-05-15T17:52:18","modified_gmt":"2026-05-15T17:52:18","slug":"convocatoria-de-asamblea-general-ordinaria-2023","status":"publish","type":"post","link":"https:\/\/raizitaliana.it\/es\/convocazione-assemblea-generale-ordinaria-2023\/","title":{"rendered":"Convocatoria a Asamblea General Ordinaria 2023"},"content":{"rendered":"<p>Los socios de la Asociaci\u00f3n de Promoci\u00f3n Social RAIZ ITALIANA est\u00e1n convocados a<strong> asamblea ordinaria en primera convocatoria<\/strong> en la sede operativa de la asociaci\u00f3n en Via Francavilla, 55 Oria, el d\u00eda <strong>9 de mayo de 2023 a las 16:00<\/strong>, y en segunda convocatoria a las 17:00 horas para examinar y discutir el siguiente orden del d\u00eda:<\/p>\n<p>Aprobaci\u00f3n Presupuesto 2022<br \/>\n-Informe del Presidente del Consejo Directivo sobre el ejercicio fiscal correspondiente al a\u00f1o 2022<\/p>\n<p>La asamblea se considerar\u00e1 v\u00e1lidamente constituida de acuerdo con las normas estatutarias.<\/p>\n<p>El balance anual y los informes explicativos del mismo ya est\u00e1n expuestos en la sede social. A los socios que lo soliciten, se les puede enviar una copia del balance anual en formato electr\u00f3nico.<\/p>\n<p>Te invitamos a participar.<\/p>\n<p>Hola<br \/>\nAttilio Ardito \u2013 Presidente APS Ra\u00edz Italiana<\/p>\n\n\n<figure class=\"wp-block-image size-large\"><img fetchpriority=\"high\" decoding=\"async\" width=\"1024\" height=\"725\" src=\"https:\/\/raizitaliana.it\/wp-content\/uploads\/2023\/04\/ChatGPT-Image-15-mag-2026-19_51_17-1024x725.png\" alt=\"\" class=\"wp-image-1240\" srcset=\"https:\/\/raizitaliana.it\/wp-content\/uploads\/2023\/04\/ChatGPT-Image-15-mag-2026-19_51_17-1024x725.png 1024w, https:\/\/raizitaliana.it\/wp-content\/uploads\/2023\/04\/ChatGPT-Image-15-mag-2026-19_51_17-300x212.png 300w, https:\/\/raizitaliana.it\/wp-content\/uploads\/2023\/04\/ChatGPT-Image-15-mag-2026-19_51_17-768x543.png 768w, https:\/\/raizitaliana.it\/wp-content\/uploads\/2023\/04\/ChatGPT-Image-15-mag-2026-19_51_17.png 1491w\" sizes=\"(max-width: 1024px) 100vw, 1024px\" \/><\/figure>","protected":false},"excerpt":{"rendered":"<p>I soci dell\u2019Associazione di Promozione Sociale RAIZ ITALIANA sono convocati in assemblea ordinaria in prima convocazione presso la sede operativa dell\u2019associazione in via Francavilla, 55 Oria, il giorno 9 maggio 2023 alle ore 16:00, ed in seconda convocazione alle ore 17:00 per esaminare e discutere il seguente ordine del giorno: -Approvazione Bilancio 2022 -Relazione del [&hellip;]<\/p>\n","protected":false},"author":2,"featured_media":1240,"comment_status":"open","ping_status":"open","sticky":false,"template":"","format":"standard","meta":{"footnotes":""},"categories":[35],"tags":[],"class_list":["post-1157","post","type-post","status-publish","format-standard","has-post-thumbnail","hentry","category-non-categorizzato"],"_links":{"self":[{"href":"https:\/\/raizitaliana.it\/es\/wp-json\/wp\/v2\/posts\/1157","targetHints":{"allow":["GET"]}}],"collection":[{"href":"https:\/\/raizitaliana.it\/es\/wp-json\/wp\/v2\/posts"}],"about":[{"href":"https:\/\/raizitaliana.it\/es\/wp-json\/wp\/v2\/types\/post"}],"author":[{"embeddable":true,"href":"https:\/\/raizitaliana.it\/es\/wp-json\/wp\/v2\/users\/2"}],"replies":[{"embeddable":true,"href":"https:\/\/raizitaliana.it\/es\/wp-json\/wp\/v2\/comments?post=1157"}],"version-history":[{"count":3,"href":"https:\/\/raizitaliana.it\/es\/wp-json\/wp\/v2\/posts\/1157\/revisions"}],"predecessor-version":[{"id":1242,"href":"https:\/\/raizitaliana.it\/es\/wp-json\/wp\/v2\/posts\/1157\/revisions\/1242"}],"wp:featuredmedia":[{"embeddable":true,"href":"https:\/\/raizitaliana.it\/es\/wp-json\/wp\/v2\/media\/1240"}],"wp:attachment":[{"href":"https:\/\/raizitaliana.it\/es\/wp-json\/wp\/v2\/media?parent=1157"}],"wp:term":[{"taxonomy":"category","embeddable":true,"href":"https:\/\/raizitaliana.it\/es\/wp-json\/wp\/v2\/categories?post=1157"},{"taxonomy":"post_tag","embeddable":true,"href":"https:\/\/raizitaliana.it\/es\/wp-json\/wp\/v2\/tags?post=1157"}],"curies":[{"name":"wp","href":"https:\/\/api.w.org\/{rel}","templated":true}]}}